{"id":9259,"date":"2026-09-04T10:09:05","date_gmt":"2026-09-04T10:09:05","guid":{"rendered":"https:\/\/www.clarin.si\/info\/?p=9259"},"modified":"2026-09-04T10:10:03","modified_gmt":"2026-09-04T10:10:03","slug":"predobjava-parlaspeech-si-in-vabilo-na-classla-express-3-0","status":"publish","type":"post","link":"https:\/\/www.clarin.si\/info\/predobjava-parlaspeech-si-in-vabilo-na-classla-express-3-0\/","title":{"rendered":"Predobjava ParlaSpeech-SI in vabilo na CLASSLA-Express 3.0"},"content":{"rendered":"<p><u>Z<\/u>\u00a0veseljem sporo\u010damo, da je na voljo predobjava <strong>ParlaSpeech-SI<\/strong>, slovenske razli\u010dice v dru\u017eini govornih korpusov <a href=\"https:\/\/clarinsi.github.io\/parlaspeech\/\">ParlaSpeech<\/a>. ParlaSpeech-SI vsebuje 4.080 ur parlamentarnega govora s pripadajo\u010dimi transkripcijami iz korpusa ParlaMint.<\/p>\n<p>ParlaSpeech-SI je \u017ee mogo\u010de pregledovati prek <a href=\"https:\/\/www.clarin.si\/ske\/#dashboard?corpname=parlaspeech4_si\">konkordan\u010dnika CLARIN.SI<\/a>. Ob tej prilo\u017enosti vas vabimo tudi na delavnico <a href=\"https:\/\/www.clarin.si\/info\/k-centre\/workshops\/classla-express\/\">CLASSLA-express 3.0<\/a>, ki bo potekala <strong>16. septembra od 14.00 do 17.30<\/strong> na Fakulteti za ra\u010dunalni\u0161tvo in informatiko Univerze v Ljubljani (soba P03) kot predkonferen\u010dni dogodek konference JT-DH.<\/p>\n<p><!--more--><\/p>\n<p>Korpus vklju\u010duje bogate metapodatke o govorcih ter avtomatske obogatitve tako na ravni besedila, kot sta sentiment in tema, kot tudi na ravni govora, vklju\u010dno z zapolnjenimi in tihimi premori. Povratne informacije lahko v naslednjih dveh tednih po\u0161ljete na <a href=\"mailto:helpdesk.classla@clarin.si\">helpdesk.classla@clarin.si<\/a>. Po tem obdobju bomo pripravili kon\u010dno razli\u010dico in jo objavili v repozitoriju <a href=\"http:\/\/clarin.si\/\">CLARIN.SI<\/a>. Veseli bomo vseh komentarjev, opa\u017eanj in predlogov uporabnikov.<\/p>\n<p>Na delavnici boste lahko prakti\u010dno spoznali uporabo korpusov ParlaSpeech in CLASSLA-web pri raziskovanju jezikovne variacije. Prijava je odprta <a href=\"https:\/\/docs.google.com\/forms\/d\/e\/1FAIpQLScebJlJmQlWX-pLYI0C_eaHa54bV3WFap-BHKXDe1SzDLchAQ\/viewform\">tukaj<\/a>.<\/p>\n<p>Lepo vabljeni k preizkusu ParlaSpeech-SI in udele\u017ebi na delavnici!<\/p>\n","protected":false},"excerpt":{"rendered":"<p>Z\u00a0veseljem sporo\u010damo, da je na voljo predobjava ParlaSpeech-SI, slovenske razli\u010dice v dru\u017eini govornih korpusov ParlaSpeech. ParlaSpeech-SI vsebuje 4.080 ur parlamentarnega govora s pripadajo\u010dimi transkripcijami iz korpusa ParlaMint. ParlaSpeech-SI je \u017ee mogo\u010de pregledovati prek konkordan\u010dnika CLARIN.SI. Ob tej prilo\u017enosti vas vabimo tudi na delavnico CLASSLA-express 3.0, ki bo potekala 16. septembra od 14.00 do 17.30 na [&hellip;]<\/p>\n","protected":false},"author":12,"featured_media":0,"comment_status":"closed","ping_status":"closed","sticky":false,"template":"","format":"standard","meta":{"_monsterinsights_skip_tracking":false,"footnotes":""},"categories":[41],"tags":[49,168,185,183],"class_list":["post-9259","post","type-post","status-publish","format-standard","hentry","category-obvestila","tag-jezikovni-korpusi","tag-jt-dh2026-sl","tag-parlamint","tag-parlaspeech","has-post-title","has-post-date","has-post-category","has-post-tag","has-post-comment","has-post-author",""],"aioseo_notices":[],"aioseo_head":"\n\t\t<!-- All in One SEO 5.0.1.1 - aioseo.com -->\n\t<meta name=\"description\" content=\"Z veseljem sporo\u010damo, da je na voljo predobjava ParlaSpeech-SI, slovenske razli\u010dice v dru\u017eini govornih korpusov ParlaSpeech. ParlaSpeech-SI vsebuje 4.080 ur parlamentarnega govora s pripadajo\u010dimi transkripcijami iz korpusa ParlaMint. ParlaSpeech-SI je \u017ee mogo\u010de pregledovati prek konkordan\u010dnika CLARIN.SI. Ob tej prilo\u017enosti vas vabimo tudi na delavnico CLASSLA-express 3.0, ki bo potekala 16. septembra od 14.00 do 17.30 na\" \/>\n\t<meta name=\"robots\" content=\"max-image-preview:large\" \/>\n\t<meta name=\"author\" content=\"Katja Meden\"\/>\n\t<meta name=\"google-site-verification\" content=\"LiA10aq97L10baWhrk27m-8KV46nP_6qo6Z8pFmPF88\" \/>\n\t<link rel=\"canonical\" href=\"https:\/\/www.clarin.si\/info\/predobjava-parlaspeech-si-in-vabilo-na-classla-express-3-0\/\" \/>\n\t<meta name=\"generator\" content=\"All in One SEO (AIOSEO) 5.0.1.1\" \/>\n\t\t<meta property=\"og:locale\" content=\"en_GB\" \/>\n\t\t<meta property=\"og:site_name\" content=\"CLARIN Slovenija - Slovenska raziskovalna infrastruktura za jezikovne vire in tehnologije\" \/>\n\t\t<meta property=\"og:type\" content=\"article\" \/>\n\t\t<meta property=\"og:title\" content=\"Predobjava ParlaSpeech-SI in vabilo na CLASSLA-Express 3.0 - CLARIN Slovenija\" \/>\n\t\t<meta property=\"og:description\" content=\"Z veseljem sporo\u010damo, da je na voljo predobjava ParlaSpeech-SI, slovenske razli\u010dice v dru\u017eini govornih korpusov ParlaSpeech. ParlaSpeech-SI vsebuje 4.080 ur parlamentarnega govora s pripadajo\u010dimi transkripcijami iz korpusa ParlaMint. ParlaSpeech-SI je \u017ee mogo\u010de pregledovati prek konkordan\u010dnika CLARIN.SI. Ob tej prilo\u017enosti vas vabimo tudi na delavnico CLASSLA-express 3.0, ki bo potekala 16. septembra od 14.00 do 17.30 na\" \/>\n\t\t<meta property=\"og:url\" content=\"https:\/\/www.clarin.si\/info\/predobjava-parlaspeech-si-in-vabilo-na-classla-express-3-0\/\" \/>\n\t\t<meta property=\"article:published_time\" content=\"2026-09-04T10:09:05+00:00\" \/>\n\t\t<meta property=\"article:modified_time\" content=\"2026-09-04T10:10:03+00:00\" \/>\n\t\t<meta name=\"twitter:card\" content=\"summary_large_image\" \/>\n\t\t<meta name=\"twitter:title\" content=\"Predobjava ParlaSpeech-SI in vabilo na CLASSLA-Express 3.0 - CLARIN Slovenija\" \/>\n\t\t<meta name=\"twitter:description\" content=\"Z veseljem sporo\u010damo, da je na voljo predobjava ParlaSpeech-SI, slovenske razli\u010dice v dru\u017eini govornih korpusov ParlaSpeech. ParlaSpeech-SI vsebuje 4.080 ur parlamentarnega govora s pripadajo\u010dimi transkripcijami iz korpusa ParlaMint. ParlaSpeech-SI je \u017ee mogo\u010de pregledovati prek konkordan\u010dnika CLARIN.SI. Ob tej prilo\u017enosti vas vabimo tudi na delavnico CLASSLA-express 3.0, ki bo potekala 16. septembra od 14.00 do 17.30 na\" \/>\n\t\t<script type=\"application\/ld+json\" class=\"aioseo-schema\">\n\t\t\t{\"@context\":\"https:\\\/\\\/schema.org\",\"@graph\":[{\"@type\":\"BlogPosting\",\"@id\":\"https:\\\/\\\/www.clarin.si\\\/info\\\/predobjava-parlaspeech-si-in-vabilo-na-classla-express-3-0\\\/#blogposting\",\"name\":\"Predobjava ParlaSpeech-SI in vabilo na CLASSLA-Express 3.0 - CLARIN Slovenija\",\"headline\":\"Predobjava ParlaSpeech-SI in vabilo na CLASSLA-Express 3.0\",\"author\":{\"@id\":\"https:\\\/\\\/www.clarin.si\\\/info\\\/author\\\/katja\\\/#author\"},\"publisher\":{\"@id\":\"https:\\\/\\\/www.clarin.si\\\/info\\\/#organization\"},\"image\":{\"@type\":\"ImageObject\",\"url\":\"https:\\\/\\\/www.clarin.si\\\/info\\\/wp-content\\\/uploads\\\/2014\\\/08\\\/Clarin-SI-logo.png\",\"@id\":\"https:\\\/\\\/www.clarin.si\\\/info\\\/#articleImage\",\"width\":359,\"height\":150},\"datePublished\":\"2026-09-04T10:09:05+00:00\",\"dateModified\":\"2026-09-04T10:10:03+00:00\",\"inLanguage\":\"en-GB\",\"mainEntityOfPage\":{\"@id\":\"https:\\\/\\\/www.clarin.si\\\/info\\\/predobjava-parlaspeech-si-in-vabilo-na-classla-express-3-0\\\/#webpage\"},\"isPartOf\":{\"@id\":\"https:\\\/\\\/www.clarin.si\\\/info\\\/predobjava-parlaspeech-si-in-vabilo-na-classla-express-3-0\\\/#webpage\"},\"articleSection\":\"Obvestila, jezikovni korpusi, JT-DH2026, ParlaMint, ParlaSpeech, Slovensko, pll_6a9a987e2c9ba\"},{\"@type\":\"BreadcrumbList\",\"@id\":\"https:\\\/\\\/www.clarin.si\\\/info\\\/predobjava-parlaspeech-si-in-vabilo-na-classla-express-3-0\\\/#breadcrumblist\",\"itemListElement\":[{\"@type\":\"ListItem\",\"@id\":\"https:\\\/\\\/www.clarin.si\\\/info#listItem\",\"position\":1,\"name\":\"Home\",\"item\":\"https:\\\/\\\/www.clarin.si\\\/info\",\"nextItem\":{\"@type\":\"ListItem\",\"@id\":\"https:\\\/\\\/www.clarin.si\\\/info\\\/category\\\/obvestila\\\/#listItem\",\"name\":\"Obvestila\"}},{\"@type\":\"ListItem\",\"@id\":\"https:\\\/\\\/www.clarin.si\\\/info\\\/category\\\/obvestila\\\/#listItem\",\"position\":2,\"name\":\"Obvestila\",\"item\":\"https:\\\/\\\/www.clarin.si\\\/info\\\/category\\\/obvestila\\\/\",\"nextItem\":{\"@type\":\"ListItem\",\"@id\":\"https:\\\/\\\/www.clarin.si\\\/info\\\/predobjava-parlaspeech-si-in-vabilo-na-classla-express-3-0\\\/#listItem\",\"name\":\"Predobjava ParlaSpeech-SI in vabilo na CLASSLA-Express 3.0\"},\"previousItem\":{\"@type\":\"ListItem\",\"@id\":\"https:\\\/\\\/www.clarin.si\\\/info#listItem\",\"name\":\"Home\"}},{\"@type\":\"ListItem\",\"@id\":\"https:\\\/\\\/www.clarin.si\\\/info\\\/predobjava-parlaspeech-si-in-vabilo-na-classla-express-3-0\\\/#listItem\",\"position\":3,\"name\":\"Predobjava ParlaSpeech-SI in vabilo na CLASSLA-Express 3.0\",\"previousItem\":{\"@type\":\"ListItem\",\"@id\":\"https:\\\/\\\/www.clarin.si\\\/info\\\/category\\\/obvestila\\\/#listItem\",\"name\":\"Obvestila\"}}]},{\"@type\":\"Organization\",\"@id\":\"https:\\\/\\\/www.clarin.si\\\/info\\\/#organization\",\"name\":\"CLARIN Slovenija\",\"description\":\"Slovenska raziskovalna infrastruktura za jezikovne vire in tehnologije\",\"url\":\"https:\\\/\\\/www.clarin.si\\\/info\\\/\",\"logo\":{\"@type\":\"ImageObject\",\"url\":\"https:\\\/\\\/www.clarin.si\\\/info\\\/wp-content\\\/uploads\\\/2014\\\/08\\\/Clarin-SI-logo.png\",\"@id\":\"https:\\\/\\\/www.clarin.si\\\/info\\\/predobjava-parlaspeech-si-in-vabilo-na-classla-express-3-0\\\/#organizationLogo\",\"width\":359,\"height\":150},\"image\":{\"@id\":\"https:\\\/\\\/www.clarin.si\\\/info\\\/predobjava-parlaspeech-si-in-vabilo-na-classla-express-3-0\\\/#organizationLogo\"}},{\"@type\":\"Person\",\"@id\":\"https:\\\/\\\/www.clarin.si\\\/info\\\/author\\\/katja\\\/#author\",\"url\":\"https:\\\/\\\/www.clarin.si\\\/info\\\/author\\\/katja\\\/\",\"name\":\"Katja Meden\"},{\"@type\":\"WebPage\",\"@id\":\"https:\\\/\\\/www.clarin.si\\\/info\\\/predobjava-parlaspeech-si-in-vabilo-na-classla-express-3-0\\\/#webpage\",\"url\":\"https:\\\/\\\/www.clarin.si\\\/info\\\/predobjava-parlaspeech-si-in-vabilo-na-classla-express-3-0\\\/\",\"name\":\"Predobjava ParlaSpeech-SI in vabilo na CLASSLA-Express 3.0 - CLARIN Slovenija\",\"description\":\"Z veseljem sporo\\u010damo, da je na voljo predobjava ParlaSpeech-SI, slovenske razli\\u010dice v dru\\u017eini govornih korpusov ParlaSpeech. ParlaSpeech-SI vsebuje 4.080 ur parlamentarnega govora s pripadajo\\u010dimi transkripcijami iz korpusa ParlaMint. ParlaSpeech-SI je \\u017ee mogo\\u010de pregledovati prek konkordan\\u010dnika CLARIN.SI. Ob tej prilo\\u017enosti vas vabimo tudi na delavnico CLASSLA-express 3.0, ki bo potekala 16. septembra od 14.00 do 17.30 na\",\"inLanguage\":\"en-GB\",\"isPartOf\":{\"@id\":\"https:\\\/\\\/www.clarin.si\\\/info\\\/#website\"},\"breadcrumb\":{\"@id\":\"https:\\\/\\\/www.clarin.si\\\/info\\\/predobjava-parlaspeech-si-in-vabilo-na-classla-express-3-0\\\/#breadcrumblist\"},\"author\":{\"@id\":\"https:\\\/\\\/www.clarin.si\\\/info\\\/author\\\/katja\\\/#author\"},\"creator\":{\"@id\":\"https:\\\/\\\/www.clarin.si\\\/info\\\/author\\\/katja\\\/#author\"},\"datePublished\":\"2026-09-04T10:09:05+00:00\",\"dateModified\":\"2026-09-04T10:10:03+00:00\"},{\"@type\":\"WebSite\",\"@id\":\"https:\\\/\\\/www.clarin.si\\\/info\\\/#website\",\"url\":\"https:\\\/\\\/www.clarin.si\\\/info\\\/\",\"name\":\"CLARIN Slovenija\",\"description\":\"Slovenska raziskovalna infrastruktura za jezikovne vire in tehnologije\",\"inLanguage\":\"en-GB\",\"publisher\":{\"@id\":\"https:\\\/\\\/www.clarin.si\\\/info\\\/#organization\"}}]}\n\t\t<\/script>\n\t\t<!-- All in One SEO -->\n\n","aioseo_head_json":{"title":"Predobjava ParlaSpeech-SI in vabilo na CLASSLA-Express 3.0 - CLARIN Slovenija","description":"Z veseljem sporo\u010damo, da je na voljo predobjava ParlaSpeech-SI, slovenske razli\u010dice v dru\u017eini govornih korpusov ParlaSpeech. ParlaSpeech-SI vsebuje 4.080 ur parlamentarnega govora s pripadajo\u010dimi transkripcijami iz korpusa ParlaMint. ParlaSpeech-SI je \u017ee mogo\u010de pregledovati prek konkordan\u010dnika CLARIN.SI. Ob tej prilo\u017enosti vas vabimo tudi na delavnico CLASSLA-express 3.0, ki bo potekala 16. septembra od 14.00 do 17.30 na","canonical_url":"https:\/\/www.clarin.si\/info\/predobjava-parlaspeech-si-in-vabilo-na-classla-express-3-0\/","robots":"max-image-preview:large","keywords":"","webmasterTools":{"google-site-verification":"LiA10aq97L10baWhrk27m-8KV46nP_6qo6Z8pFmPF88","miscellaneous":""},"schema":{"@context":"https:\/\/schema.org","@graph":[{"@type":"BlogPosting","@id":"https:\/\/www.clarin.si\/info\/predobjava-parlaspeech-si-in-vabilo-na-classla-express-3-0\/#blogposting","name":"Predobjava ParlaSpeech-SI in vabilo na CLASSLA-Express 3.0 - CLARIN Slovenija","headline":"Predobjava ParlaSpeech-SI in vabilo na CLASSLA-Express 3.0","author":{"@id":"https:\/\/www.clarin.si\/info\/author\/katja\/#author"},"publisher":{"@id":"https:\/\/www.clarin.si\/info\/#organization"},"image":{"@type":"ImageObject","url":"https:\/\/www.clarin.si\/info\/wp-content\/uploads\/2014\/08\/Clarin-SI-logo.png","@id":"https:\/\/www.clarin.si\/info\/#articleImage","width":359,"height":150},"datePublished":"2026-09-04T10:09:05+00:00","dateModified":"2026-09-04T10:10:03+00:00","inLanguage":"en-GB","mainEntityOfPage":{"@id":"https:\/\/www.clarin.si\/info\/predobjava-parlaspeech-si-in-vabilo-na-classla-express-3-0\/#webpage"},"isPartOf":{"@id":"https:\/\/www.clarin.si\/info\/predobjava-parlaspeech-si-in-vabilo-na-classla-express-3-0\/#webpage"},"articleSection":"Obvestila, jezikovni korpusi, JT-DH2026, ParlaMint, ParlaSpeech, Slovensko, pll_6a9a987e2c9ba"},{"@type":"BreadcrumbList","@id":"https:\/\/www.clarin.si\/info\/predobjava-parlaspeech-si-in-vabilo-na-classla-express-3-0\/#breadcrumblist","itemListElement":[{"@type":"ListItem","@id":"https:\/\/www.clarin.si\/info#listItem","position":1,"name":"Home","item":"https:\/\/www.clarin.si\/info","nextItem":{"@type":"ListItem","@id":"https:\/\/www.clarin.si\/info\/category\/obvestila\/#listItem","name":"Obvestila"}},{"@type":"ListItem","@id":"https:\/\/www.clarin.si\/info\/category\/obvestila\/#listItem","position":2,"name":"Obvestila","item":"https:\/\/www.clarin.si\/info\/category\/obvestila\/","nextItem":{"@type":"ListItem","@id":"https:\/\/www.clarin.si\/info\/predobjava-parlaspeech-si-in-vabilo-na-classla-express-3-0\/#listItem","name":"Predobjava ParlaSpeech-SI in vabilo na CLASSLA-Express 3.0"},"previousItem":{"@type":"ListItem","@id":"https:\/\/www.clarin.si\/info#listItem","name":"Home"}},{"@type":"ListItem","@id":"https:\/\/www.clarin.si\/info\/predobjava-parlaspeech-si-in-vabilo-na-classla-express-3-0\/#listItem","position":3,"name":"Predobjava ParlaSpeech-SI in vabilo na CLASSLA-Express 3.0","previousItem":{"@type":"ListItem","@id":"https:\/\/www.clarin.si\/info\/category\/obvestila\/#listItem","name":"Obvestila"}}]},{"@type":"Organization","@id":"https:\/\/www.clarin.si\/info\/#organization","name":"CLARIN Slovenija","description":"Slovenska raziskovalna infrastruktura za jezikovne vire in tehnologije","url":"https:\/\/www.clarin.si\/info\/","logo":{"@type":"ImageObject","url":"https:\/\/www.clarin.si\/info\/wp-content\/uploads\/2014\/08\/Clarin-SI-logo.png","@id":"https:\/\/www.clarin.si\/info\/predobjava-parlaspeech-si-in-vabilo-na-classla-express-3-0\/#organizationLogo","width":359,"height":150},"image":{"@id":"https:\/\/www.clarin.si\/info\/predobjava-parlaspeech-si-in-vabilo-na-classla-express-3-0\/#organizationLogo"}},{"@type":"Person","@id":"https:\/\/www.clarin.si\/info\/author\/katja\/#author","url":"https:\/\/www.clarin.si\/info\/author\/katja\/","name":"Katja Meden"},{"@type":"WebPage","@id":"https:\/\/www.clarin.si\/info\/predobjava-parlaspeech-si-in-vabilo-na-classla-express-3-0\/#webpage","url":"https:\/\/www.clarin.si\/info\/predobjava-parlaspeech-si-in-vabilo-na-classla-express-3-0\/","name":"Predobjava ParlaSpeech-SI in vabilo na CLASSLA-Express 3.0 - CLARIN Slovenija","description":"Z veseljem sporo\u010damo, da je na voljo predobjava ParlaSpeech-SI, slovenske razli\u010dice v dru\u017eini govornih korpusov ParlaSpeech. ParlaSpeech-SI vsebuje 4.080 ur parlamentarnega govora s pripadajo\u010dimi transkripcijami iz korpusa ParlaMint. ParlaSpeech-SI je \u017ee mogo\u010de pregledovati prek konkordan\u010dnika CLARIN.SI. Ob tej prilo\u017enosti vas vabimo tudi na delavnico CLASSLA-express 3.0, ki bo potekala 16. septembra od 14.00 do 17.30 na","inLanguage":"en-GB","isPartOf":{"@id":"https:\/\/www.clarin.si\/info\/#website"},"breadcrumb":{"@id":"https:\/\/www.clarin.si\/info\/predobjava-parlaspeech-si-in-vabilo-na-classla-express-3-0\/#breadcrumblist"},"author":{"@id":"https:\/\/www.clarin.si\/info\/author\/katja\/#author"},"creator":{"@id":"https:\/\/www.clarin.si\/info\/author\/katja\/#author"},"datePublished":"2026-09-04T10:09:05+00:00","dateModified":"2026-09-04T10:10:03+00:00"},{"@type":"WebSite","@id":"https:\/\/www.clarin.si\/info\/#website","url":"https:\/\/www.clarin.si\/info\/","name":"CLARIN Slovenija","description":"Slovenska raziskovalna infrastruktura za jezikovne vire in tehnologije","inLanguage":"en-GB","publisher":{"@id":"https:\/\/www.clarin.si\/info\/#organization"}}]},"og:locale":"en_GB","og:site_name":"CLARIN Slovenija - Slovenska raziskovalna infrastruktura za jezikovne vire in tehnologije","og:type":"article","og:title":"Predobjava ParlaSpeech-SI in vabilo na CLASSLA-Express 3.0 - CLARIN Slovenija","og:description":"Z veseljem sporo\u010damo, da je na voljo predobjava ParlaSpeech-SI, slovenske razli\u010dice v dru\u017eini govornih korpusov ParlaSpeech. ParlaSpeech-SI vsebuje 4.080 ur parlamentarnega govora s pripadajo\u010dimi transkripcijami iz korpusa ParlaMint. ParlaSpeech-SI je \u017ee mogo\u010de pregledovati prek konkordan\u010dnika CLARIN.SI. Ob tej prilo\u017enosti vas vabimo tudi na delavnico CLASSLA-express 3.0, ki bo potekala 16. septembra od 14.00 do 17.30 na","og:url":"https:\/\/www.clarin.si\/info\/predobjava-parlaspeech-si-in-vabilo-na-classla-express-3-0\/","article:published_time":"2026-09-04T10:09:05+00:00","article:modified_time":"2026-09-04T10:10:03+00:00","twitter:card":"summary_large_image","twitter:title":"Predobjava ParlaSpeech-SI in vabilo na CLASSLA-Express 3.0 - CLARIN Slovenija","twitter:description":"Z veseljem sporo\u010damo, da je na voljo predobjava ParlaSpeech-SI, slovenske razli\u010dice v dru\u017eini govornih korpusov ParlaSpeech. ParlaSpeech-SI vsebuje 4.080 ur parlamentarnega govora s pripadajo\u010dimi transkripcijami iz korpusa ParlaMint. ParlaSpeech-SI je \u017ee mogo\u010de pregledovati prek konkordan\u010dnika CLARIN.SI. Ob tej prilo\u017enosti vas vabimo tudi na delavnico CLASSLA-express 3.0, ki bo potekala 16. septembra od 14.00 do 17.30 na"},"aioseo_meta_data":{"post_id":"9259","title":null,"description":null,"keywords":null,"keyphrases":{"focus":{"keyphrase":"","score":0,"analysis":{"keyphraseInTitle":{"score":0,"maxScore":9,"error":1}}},"additional":[]},"primary_term":null,"canonical_url":null,"og_title":null,"og_description":null,"og_object_type":"default","og_image_type":"default","og_image_custom_url":null,"og_image_custom_fields":null,"og_image_url":null,"og_image_width":null,"og_image_height":null,"og_video":"","og_custom_url":null,"og_article_section":null,"og_article_tags":null,"twitter_use_og":false,"twitter_card":"default","twitter_image_type":"default","twitter_image_custom_url":null,"twitter_image_custom_fields":null,"twitter_image_url":null,"twitter_title":null,"twitter_description":null,"schema_type":"default","schema_type_options":null,"schema":{"blockGraphs":[],"customGraphs":[],"default":{"data":{"Article":[],"Course":[],"Dataset":[],"FAQPage":[],"Movie":[],"Person":[],"Product":[],"ProductReview":[],"Car":[],"Recipe":[],"Service":[],"SoftwareApplication":[],"WebPage":[]},"graphName":"BlogPosting","isEnabled":true},"graphs":[]},"pillar_content":false,"robots_default":true,"robots_noindex":false,"robots_noarchive":false,"robots_nosnippet":false,"robots_nofollow":false,"robots_noimageindex":false,"robots_noodp":false,"robots_notranslate":false,"robots_max_snippet":"-1","robots_max_videopreview":"-1","robots_max_imagepreview":"large","priority":null,"frequency":"default","local_seo":null,"limit_modified_date":false,"ai":{"faqs":[],"keyPoints":[],"schemas":[],"titles":[],"descriptions":[],"socialPosts":{"email":{"subject":"","preview":"","content":""},"linkedin":[],"twitter":[],"facebook":[],"instagram":[]}},"breadcrumb_settings":null,"seo_analyzer_scan_date":null,"created":"2026-09-04 10:07:59","updated":"2026-09-04 10:15:28","focus_keyword":null,"additional_keywords":null,"truseo_locale":null},"aioseo_breadcrumb":"<div class=\"aioseo-breadcrumbs\"><span class=\"aioseo-breadcrumb\">\n\t\t\t<a href=\"https:\/\/www.clarin.si\/info\" title=\"Home\">Home<\/a>\n\t\t<\/span><span class=\"aioseo-breadcrumb-separator\">&raquo;<\/span><span class=\"aioseo-breadcrumb\">\n\t\t\t<a href=\"https:\/\/www.clarin.si\/info\/category\/obvestila\/\" title=\"Obvestila\">Obvestila<\/a>\n\t\t<\/span><span class=\"aioseo-breadcrumb-separator\">&raquo;<\/span><span class=\"aioseo-breadcrumb\">\n\t\t\tPredobjava ParlaSpeech-SI in vabilo na CLASSLA-Express 3.0\n\t\t<\/span><\/div>","aioseo_breadcrumb_json":[{"label":"Home","link":"https:\/\/www.clarin.si\/info"},{"label":"Obvestila","link":"https:\/\/www.clarin.si\/info\/category\/obvestila\/"},{"label":"Predobjava ParlaSpeech-SI in vabilo na CLASSLA-Express 3.0","link":"https:\/\/www.clarin.si\/info\/predobjava-parlaspeech-si-in-vabilo-na-classla-express-3-0\/"}],"_links":{"self":[{"href":"https:\/\/www.clarin.si\/info\/wp-json\/wp\/v2\/posts\/9259","targetHints":{"allow":["GET"]}}],"collection":[{"href":"https:\/\/www.clarin.si\/info\/wp-json\/wp\/v2\/posts"}],"about":[{"href":"https:\/\/www.clarin.si\/info\/wp-json\/wp\/v2\/types\/post"}],"author":[{"embeddable":true,"href":"https:\/\/www.clarin.si\/info\/wp-json\/wp\/v2\/users\/12"}],"replies":[{"embeddable":true,"href":"https:\/\/www.clarin.si\/info\/wp-json\/wp\/v2\/comments?post=9259"}],"version-history":[{"count":5,"href":"https:\/\/www.clarin.si\/info\/wp-json\/wp\/v2\/posts\/9259\/revisions"}],"predecessor-version":[{"id":9264,"href":"https:\/\/www.clarin.si\/info\/wp-json\/wp\/v2\/posts\/9259\/revisions\/9264"}],"wp:attachment":[{"href":"https:\/\/www.clarin.si\/info\/wp-json\/wp\/v2\/media?parent=9259"}],"wp:term":[{"taxonomy":"category","embeddable":true,"href":"https:\/\/www.clarin.si\/info\/wp-json\/wp\/v2\/categories?post=9259"},{"taxonomy":"post_tag","embeddable":true,"href":"https:\/\/www.clarin.si\/info\/wp-json\/wp\/v2\/tags?post=9259"}],"curies":[{"name":"wp","href":"https:\/\/api.w.org\/{rel}","templated":true}]}}