{"id":4325,"date":"2020-02-06T11:39:45","date_gmt":"2020-02-06T11:39:45","guid":{"rendered":"http:\/\/www.clarin.si\/info\/?p=4325"},"modified":"2020-02-06T11:42:14","modified_gmt":"2020-02-06T11:42:14","slug":"1-vabilo-za-prispevke-za-konferenco-jtdh-2020","status":"publish","type":"post","link":"https:\/\/www.clarin.si\/info\/1-vabilo-za-prispevke-za-konferenco-jtdh-2020\/","title":{"rendered":"1. vabilo za prispevke za konferenco JTDH 2020"},"content":{"rendered":"<p>Konferenca \u201cJezikovne tehnologije in digitalna humanistika\u201d bo potekala 24. in 25. 9. 2020 v Ljubljani. Vabimo vas k udele\u017ebi in oddaji prispevkov. Ve\u010d informacij v nadaljevanju.<\/p>\n<p>##<\/p>\n<p>Slovensko dru\u0161tvo za jezikovne tehnologije (SDJT), Center za jezikovne vire in tehnologije Univerze v Ljubljani (CJVT), In\u0161titut za novej\u0161o zgodovino (INZ) ter raziskovalni infrastrukturi CLARIN.SI in DARIAH-SI bodo 24. in 25. 9. 2020 organizirali konferenco \u201cJezikovne tehnologije in digitalna humanistika\u201d, ki se pona\u0161a z ve\u010d kot 20-letno tradicijo, tematsko \u0161iritev na digitalno humanistiko pa smo uvedli leta 2016.<\/p>\n<h6><strong>Tematska podro\u010dja konference<\/strong><\/h6>\n<p>Na konferenco vabimo raziskovalce, ki delujejo v razli\u010dnih disciplinah in metodolo\u0161kih okvirih. Vabimo prispevke z naslednjih podro\u010dij:<br \/>\n&#8211; govorne in druge eno- in ve\u010djezi\u010dne jezikovne tehnologije<br \/>\n&#8211; digitalno jezikoslovje: prevodoslovje, korpusno jezikoslovje, leksikologija in leksikografija, standardizacija<br \/>\n&#8211; digitalna humanistika in zgodovinopisje, literarne vede, etnologija, muzikologija, kulturna dedi\u0161\u010dina, umetnost ter arheologija<br \/>\n&#8211; digitalna humanistika v izobra\u017eevanju in digitalna publicistika<\/p>\n<p>Dobrodo\u0161li so prispevki, ki predstavljajo smernice, raziskave, dobre prakse, projekte in rezultate na teh podro\u010djih. V sklopu konference bodo tudi vabljeni predavanji, \u0161tudentska sekcija ter paneli o aktualnih temah, povezanih s konferenco. Uradna jezika konference bosta sloven\u0161\u010dina in angle\u0161\u010dina.<\/p>\n<h6><strong>Navodila za prispevke<\/strong><\/h6>\n<p>Za konferenco zbiramo tako raz\u0161irjene povzetke kot tudi polne prispevke. Raz\u0161irjeni povzetki bodo objavljeni v knji\u017eici povzetkov, polni prispevki pa v konferen\u010dnem zborniku, ki bo ob za\u010detku konference objavljen na konferen\u010dni spletni strani pod licenco Creative Commons. Avtorjem prepu\u0161\u010damo odlo\u010ditev, ali bodo raz\u0161irjeni povzetek oz. polni prispevek v recenziranje oddali anonimizirano ali ne. Raz\u0161irjeni povzetki naj bodo dolgi do 2-4 strani, polni prispevki pa 6-8 strani. Predloge za prispevke in ve\u010d informacij o oddaji prispevkov najdete na konferen\u010dni spletni strani: <a href=\"http:\/\/www.sdjt.si\/jtdh-2020\">www.sdjt.si\/jtdh-2020<\/a><\/p>\n<p>Po konferenci bomo avtorje izbranih \u010dlankov povabili, da svoje prispevke iz JTDH 2020 raz\u0161irijo za posebno angle\u0161ko \u0161tevilko revije Sloven\u0161\u010dina 2.0. Revija je indeksirana v informacijskem servisu Scopus. Vsak od izbranih prispevkov bo recenziran po obi\u010dajnem recenzentskem postopku revije.<\/p>\n<h6><strong>Pomembni datumi<\/strong><\/h6>\n<p>&#8211; 01. 04. 2020 uradni rok za oddajo prispevkov\/povzetkov<br \/>\n&#8211; 01. 06. 2020 rok za recenzije<br \/>\n&#8211; 15. 06. 2020 obvestilo o sprejetju prispevka\/povzetka<br \/>\n&#8211; 01. 09. 2020 oddaja kon\u010dnega prispevka\/povzetka<br \/>\n&#8211; 15. 09. 2020 dokon\u010dan zbornik<br \/>\n&#8211; 24.-25. 09. 2020 konferenca<\/p>\n<h6><strong>Registracija<\/strong><\/h6>\n<p>&#8211; Kotizacija: redni udele\u017eenci 80 EUR, \u0161tudenti, soavtorji in udele\u017eenci brez prispevka brezpla\u010dno<br \/>\n&#8211; Rok za prijavo: 31. 8. 2020<br \/>\n&#8211; Ve\u010d informacij in prijavni obrazec najdete na konferen\u010dni spletni strani: <a href=\"http:\/\/www.sdjt.si\/jtdh-2020\">www.sdjt.si\/jtdh-2020<\/a><\/p>\n<h6><strong>Organizacijski odbor<\/strong><\/h6>\n<p>&#8211; Simon Dobri\u0161ek (SDJT, FE)<br \/>\n&#8211; Nata\u0161a Frank (INZ)<br \/>\n&#8211; Darja Fi\u0161er (CJVT)<br \/>\n&#8211; Jerneja Fridl (DARIAH-SI, ZRC SAZU)<br \/>\n&#8211; Jurij Hadalin (DARIAH-SI, INZ)<br \/>\n&#8211; Katja Meden (CLARIN)<br \/>\n&#8211; Mihael Ojster\u0161ek (DARIAH-SI, INZ)<br \/>\n&#8211; Mojca \u0160orn (predsednik, DARIAH-SI, INZ)<\/p>\n<h6><strong>Programski odbor<\/strong><\/h6>\n<p><strong>Predsedstvo programskega odbora<\/strong><br \/>\n&#8211; izr. prof. dr. Darja Fi\u0161er, Filozofska fakulteta, Univerza v Ljubljani (CJVT, predsednica)<br \/>\n&#8211; izr. prof. dr. Simon Dobri\u0161ek, Filozofska fakulteta, Univerza v Ljubljani (SDJT)<br \/>\n&#8211; izr. prof. dr. Toma\u017e Erjavec, Institut \u201cJo\u017eef Stefan\u201d (CLARIN.SI)<br \/>\n&#8211; dr. Andrej Pan\u010dur, In\u0161titut za novej\u0161o zgodovino (DARIAH-SI)<br \/>\n&#8211; as. Ajda Pretnar (Fakulteta za ra\u010dunalni\u0161tvo in informatiko)<\/p>\n<p><strong>\u010clani programskega odbora<\/strong><br \/>\n&#8211; dr. \u0160pela Arhar Holdt, Trojina \/ Filozofska fakulteta, Univerza v Ljubljani<br \/>\n&#8211; prof. dr. Zoran Bosni\u0107, Fakulteta za ra\u010dunalni\u0161tvo in informatiko, Univerza v Ljubljani<br \/>\n&#8211; doc. dr. Narvika Bovcon, Fakulteta za ra\u010dunalni\u0161tvo in informatiko, Univerza v Ljubljani<br \/>\n&#8211; doc. dr. V\u00e1clav Cvr\u010dek, In\u0161titut \u010de\u0161kega narodnega korpusa, Karlova univerza v Pragi<br \/>\n&#8211; prof. dr. Vlado Deli\u0107, Fakulteta za tehni\u010dne vede, Univerza v Novem Sadu<br \/>\n&#8211; prof. dr. Simon Dobri\u0161ek, Fakulteta za elektrotehniko, Univerza v Ljubljani<br \/>\n&#8211; doc. dr. Helena Dobrovoljc, In\u0161titut za slovenski jezik Frana Ramov\u0161a, ZRC SAZU<br \/>\n&#8211; izr. prof. dr. Darja Fi\u0161er, Filozofska fakulteta, Univerza v Ljubljani<br \/>\n&#8211; dr. Jerneja Fridl, ZRC SAZU<br \/>\n&#8211; dr. Polona Gantar, Filozofska fakulteta, Univerza v Ljubljani<br \/>\n&#8211; dr. Vojko Gorjanc, Filozofska fakulteta, Univerza v Ljubljani<br \/>\n&#8211; dr. Jurij Hadalin, In\u0161titut za novej\u0161o zgodovino<br \/>\n&#8211; doc. dr. Mario Hibert, Filozofska fakulteta, Univerza v Sarajevu<br \/>\n&#8211; prof. dr. Miran Hladnik, Filozofska fakulteta, Univerza v Ljubljani<br \/>\n&#8211; prof. dr. Ivo Ip\u0161i\u0107, Tehni\u0161ka fakulteta, Univerza na Reki<br \/>\n&#8211; doc. dr. Mateja Jemec Tomazin, In\u0161titut za slovenski jezik Frana Ramov\u0161a, ZRC SAZU<br \/>\n&#8211; prof. dr. Zdravko Ka\u010di\u010d, Fakulteta za elektrotehniko, ra\u010dunalni\u0161tvo in informatiko, Univerza v Mariboru<br \/>\n&#8211; dr. Mojca Kotar, Univerza v Ljubljani<br \/>\n&#8211; dr. Simon Krek, Institut \u201cJo\u017eef Stefan\u201d \/ Center za jezikovne vire in tehnologije, Univerza v Ljubljani<br \/>\n&#8211; prof. dr. Cvetana Krstev, Filozofska fakulteta, Univerza v Beogradu<br \/>\n&#8211; doc. dr. Drago Kunej, Glasbenonarodopisni in\u0161titut, ZRC SAZU<br \/>\n&#8211; doc. dr. Nikola Ljube\u0161i\u0107, Odsek za informacijske in komunikacijske znanosti, Univerza v Zagrebu<br \/>\n&#8211; prof. dr. Nata\u0161a Logar, Fakulteta za dru\u017ebene vede, Univerza v Ljubljani<br \/>\n&#8211; doc. dr. Matija Marolt, Fakulteta za ra\u010dunalni\u0161tvo in informatiko, Univerza v Ljubljani<br \/>\n&#8211; prof. dr. France Miheli\u010d, Fakulteta za elektrotehniko, Univerza v Ljubljani<br \/>\n&#8211; doc. dr. Maja Mili\u010devi\u0107, Filolo\u0161ka fakulteta, Univerza v Beogradu<br \/>\n&#8211; prof. dr. Dunja Mladeni\u0107, Laboratorij za umetno inteligenco, Institut \u201cJo\u017eef Stefan\u201d<br \/>\n&#8211; dr. Matija Ogrin, In\u0161titut za slovensko literaturo in literarne vede ZRC SAZU<br \/>\n&#8211; dr. Andrej Pan\u010dur, In\u0161titut za novej\u0161o zgodovino<br \/>\n&#8211; izr. prof. dr. Karmen Pi\u017eorn, Pedago\u0161ka Fakulteta, Univerza v Ljubljani<br \/>\n&#8211; doc. dr. Dan Podjed, In\u0161titut za slovensko narodopisje ZRC SAZU<br \/>\n&#8211; dr. Senja Pollak, Institut \u201cJo\u017eef Stefan\u201d<br \/>\n&#8211; prof. dr. Marko Robnik-\u0160ikonja, Fakulteta za ra\u010dunalni\u0161tvo in informatiko, Univerza v Ljubljani<br \/>\n&#8211; dr. Tanja Samard\u017ei\u0107, Univerza v Zurichu<br \/>\n&#8211; dr. Miha Seru\u010dnik, Zgodovinski in\u0161titut Milka Kosa ZRC SAZU<br \/>\n&#8211; prof. dr. Marko Stabej, Filozofska fakulteta, Univerza v Ljubljani<br \/>\n&#8211; dr. Mojca \u0160orn, In\u0161titut za novej\u0161o zgodovino<br \/>\n&#8211; doc. dr. Janez \u0160tebe, Fakulteta za dru\u017ebene vede<br \/>\n&#8211; dr. Benjamin \u0160tular, In\u0161titut za arheologijo ZRC SAZU<br \/>\n&#8211; doc. dr. Darinka Verdonik, Fakulteta za elektrotehniko, ra\u010dunalni\u0161tvo in informatiko, Univerza v Mariboru<br \/>\n&#8211; doc. dr. Ale\u0161 Vaupoti\u010d, Raziskovalni center za humanistiko, Univerza v Novi Gorici<br \/>\n&#8211; prof. dr. \u0160pela Vintar, Filozofska fakulteta, Univerza v Ljubljani<br \/>\n&#8211; dr. Jerneja \u017dganec Gros, Alpineon d.o.o.<\/p>\n<div id=\"themify_builder_content-4325\" data-postid=\"4325\" class=\"themify_builder_content themify_builder_content-4325 themify_builder\">\n    <\/div>\n<!-- \/themify_builder_content -->\n","protected":false},"excerpt":{"rendered":"<p>Konferenca \u201cJezikovne tehnologije in digitalna humanistika\u201d bo potekala 24. in 25. 9. 2020 v Ljubljani. Vabimo vas k udele\u017ebi in oddaji prispevkov. Ve\u010d informacij v nadaljevanju. ## Slovensko dru\u0161tvo za jezikovne tehnologije (SDJT), Center za jezikovne vire in tehnologije Univerze v Ljubljani (CJVT), In\u0161titut za novej\u0161o zgodovino (INZ) ter raziskovalni infrastrukturi CLARIN.SI in DARIAH-SI bodo [&hellip;]<\/p>\n","protected":false},"author":11,"featured_media":0,"comment_status":"closed","ping_status":"closed","sticky":false,"template":"","format":"standard","meta":{"footnotes":""},"categories":[41],"tags":[],"class_list":["post-4325","post","type-post","status-publish","format-standard","hentry","category-obvestila","has-post-title","has-post-date","has-post-category","has-post-tag","has-post-comment","has-post-author",""],"_links":{"self":[{"href":"https:\/\/www.clarin.si\/info\/wp-json\/wp\/v2\/posts\/4325","targetHints":{"allow":["GET"]}}],"collection":[{"href":"https:\/\/www.clarin.si\/info\/wp-json\/wp\/v2\/posts"}],"about":[{"href":"https:\/\/www.clarin.si\/info\/wp-json\/wp\/v2\/types\/post"}],"author":[{"embeddable":true,"href":"https:\/\/www.clarin.si\/info\/wp-json\/wp\/v2\/users\/11"}],"replies":[{"embeddable":true,"href":"https:\/\/www.clarin.si\/info\/wp-json\/wp\/v2\/comments?post=4325"}],"version-history":[{"count":12,"href":"https:\/\/www.clarin.si\/info\/wp-json\/wp\/v2\/posts\/4325\/revisions"}],"predecessor-version":[{"id":4337,"href":"https:\/\/www.clarin.si\/info\/wp-json\/wp\/v2\/posts\/4325\/revisions\/4337"}],"wp:attachment":[{"href":"https:\/\/www.clarin.si\/info\/wp-json\/wp\/v2\/media?parent=4325"}],"wp:term":[{"taxonomy":"category","embeddable":true,"href":"https:\/\/www.clarin.si\/info\/wp-json\/wp\/v2\/categories?post=4325"},{"taxonomy":"post_tag","embeddable":true,"href":"https:\/\/www.clarin.si\/info\/wp-json\/wp\/v2\/tags?post=4325"}],"curies":[{"name":"wp","href":"https:\/\/api.w.org\/{rel}","templated":true}]}}