{"id":4139,"date":"2019-11-21T19:37:46","date_gmt":"2019-11-21T19:37:46","guid":{"rendered":"http:\/\/www.clarin.si\/info\/?p=4139"},"modified":"2019-11-21T19:37:46","modified_gmt":"2019-11-21T19:37:46","slug":"predstavitev-centra-clarin-si-v-sklopu-pobude-tour-de-clarin","status":"publish","type":"post","link":"https:\/\/www.clarin.si\/info\/predstavitev-centra-clarin-si-v-sklopu-pobude-tour-de-clarin\/","title":{"rendered":"Predstavitev centra CLARIN.SI v sklopu pobude Tour de Clarin"},"content":{"rendered":"<p>Pobuda Tour de Clarin, ki predstavlja izstopajo\u010de dejavnosti nacionalnih konzorcijev CLARIN, se je poleti ustavila v Sloveniji. Od junija do avgusta so nastajali blogi (v angle\u0161\u010dini), v katerih si lahko preberete ve\u010d o priljubljenem orodju in viru iz repozitorija CLARIN.SI:<a href=\"https:\/\/www.clarin.eu\/blog\/clarinsi-presents-csmtiser\"> CSMTiser<\/a> in <a href=\"https:\/\/www.clarin.eu\/blog\/clarinsi-presents-emoji-sentiment-ranking-10\">Emoji Sentiment Ranking 1.0<\/a>, pa tudi o odmevnem sklopu seminarjev v soorganizaciji centra CLARIN.SI <a href=\"https:\/\/www.clarin.eu\/blog\/clarinsi-presents-janes-express\">Janes Express<\/a>. Eden od blogov prina\u0161a tudi <a href=\"https:\/\/www.clarin.eu\/blog\/tour-de-clarin-interview-kaja-dobrovoljc\">intervju z raziskovalko dr. Kajo Dobrovoljc<\/a> o njenem delu in sodelovanju s centrom CLARIN.SI.<\/p>\n<p>Vabimo k branju!<\/p>\n<div id=\"themify_builder_content-4139\" data-postid=\"4139\" class=\"themify_builder_content themify_builder_content-4139 themify_builder\">\n    <\/div>\n<!-- \/themify_builder_content -->\n","protected":false},"excerpt":{"rendered":"<p>Pobuda Tour de Clarin, ki predstavlja izstopajo\u010de dejavnosti nacionalnih konzorcijev CLARIN, se je poleti ustavila v Sloveniji. Od junija do avgusta so nastajali blogi (v angle\u0161\u010dini), v katerih si lahko preberete ve\u010d o priljubljenem orodju in viru iz repozitorija CLARIN.SI: CSMTiser in Emoji Sentiment Ranking 1.0, pa tudi o odmevnem sklopu seminarjev v soorganizaciji centra [&hellip;]<\/p>\n","protected":false},"author":11,"featured_media":0,"comment_status":"closed","ping_status":"closed","sticky":false,"template":"","format":"standard","meta":{"footnotes":""},"categories":[41],"tags":[],"class_list":["post-4139","post","type-post","status-publish","format-standard","hentry","category-obvestila","has-post-title","has-post-date","has-post-category","has-post-tag","has-post-comment","has-post-author",""],"_links":{"self":[{"href":"https:\/\/www.clarin.si\/info\/wp-json\/wp\/v2\/posts\/4139","targetHints":{"allow":["GET"]}}],"collection":[{"href":"https:\/\/www.clarin.si\/info\/wp-json\/wp\/v2\/posts"}],"about":[{"href":"https:\/\/www.clarin.si\/info\/wp-json\/wp\/v2\/types\/post"}],"author":[{"embeddable":true,"href":"https:\/\/www.clarin.si\/info\/wp-json\/wp\/v2\/users\/11"}],"replies":[{"embeddable":true,"href":"https:\/\/www.clarin.si\/info\/wp-json\/wp\/v2\/comments?post=4139"}],"version-history":[{"count":1,"href":"https:\/\/www.clarin.si\/info\/wp-json\/wp\/v2\/posts\/4139\/revisions"}],"predecessor-version":[{"id":4140,"href":"https:\/\/www.clarin.si\/info\/wp-json\/wp\/v2\/posts\/4139\/revisions\/4140"}],"wp:attachment":[{"href":"https:\/\/www.clarin.si\/info\/wp-json\/wp\/v2\/media?parent=4139"}],"wp:term":[{"taxonomy":"category","embeddable":true,"href":"https:\/\/www.clarin.si\/info\/wp-json\/wp\/v2\/categories?post=4139"},{"taxonomy":"post_tag","embeddable":true,"href":"https:\/\/www.clarin.si\/info\/wp-json\/wp\/v2\/tags?post=4139"}],"curies":[{"name":"wp","href":"https:\/\/api.w.org\/{rel}","templated":true}]}}